{"id":3954,"date":"2017-08-24T08:58:54","date_gmt":"2017-08-24T08:58:54","guid":{"rendered":"https:\/\/www.kneippen4you.ch\/cms\/?p=3954"},"modified":"2022-02-08T09:29:36","modified_gmt":"2022-02-08T09:29:36","slug":"kraeuter-aus-der-natur","status":"publish","type":"post","link":"https:\/\/www.kneippen4you.ch\/cms\/?p=3954","title":{"rendered":"Kr\u00e4uter aus der Natur"},"content":{"rendered":"<p>Ich liebe es in unseren h\u00f6heren Lagen, Randen oder auch mal im nahe gelegenen Schwarzwald zu spazieren und nach Schafgarbe Ausschau zu halten. Und wie das duftet! so s\u00fcsslich und einfach frisch und fein. Ich schneide nat\u00fcrlich mit der Rebschere unten ab, leg es in meinen mitgebrachten Korb oder Stofftasche, so k\u00f6nnen n\u00e4chstes Jahr wieder neue Schafgarben gedeihen. Ich vertrau der Natur, dass nicht ganz alles verseucht ist und nimm es so mit nach Hause und wasche nichts. Binde sie zu einem Strauss zusammen, sch\u00fcttle etwas und trockne es im Dachstock oder schattigem Zimmer oder Gartenschopf f\u00fcr ca. 3 Wochen. Dann sch\u00fcttle ich nochmals ein wenig und schneide die Stiele ab, verwende Bl\u00e4tter und Blumen und so hab ich f\u00fcr ein Jahr ein wertvolles Kraut, dass ich jederzeit aus der Kartonschachtel (dunkel und trocken lagern) entnehmen kann. Denn gem\u00e4ss Maria Treben (1907 &#8211; 1991 \u00f6sterreichische Kr\u00e4uterkundige\u00a0 und Autorin) ist es ein Heilkraut f\u00fcr die Frauen! Auch Pfarrer Kneipp meint in seinen Schriften: &#8222;viel Unheil bliebe den Frauen erspart, w\u00fcrden sie ab und zu einmal nach Schafgarbe greifen!&#8220;<\/p>\n<p>Sobald ich zB. ein Unwohlsein im Unterleib versp\u00fcre trinke ich 1-2 Tassen Schafgarbentee und vorbei ist der Spuk. Sollte das Unwohlsein jedoch anhalten unbedingt zum Arzt.<\/p>\n","protected":false},"excerpt":{"rendered":"<p>Ich liebe es in unseren h\u00f6heren Lagen, Randen oder auch mal im nahe gelegenen Schwarzwald zu spazieren und nach Schafgarbe Ausschau zu halten. Und wie das duftet! so s\u00fcsslich und einfach frisch und fein. Ich schneide nat\u00fcrlich mit der Rebschere unten ab, leg es in meinen mitgebrachten Korb oder Stofftasche, so k\u00f6nnen n\u00e4chstes Jahr wieder [&hellip;]<\/p>\n","protected":false},"author":2,"featured_media":3955,"comment_status":"open","ping_status":"open","sticky":false,"template":"","format":"standard","meta":{"_et_pb_use_builder":"","_et_pb_old_content":"","_et_gb_content_width":""},"categories":[62],"tags":[],"_links":{"self":[{"href":"https:\/\/www.kneippen4you.ch\/cms\/index.php?rest_route=\/wp\/v2\/posts\/3954"}],"collection":[{"href":"https:\/\/www.kneippen4you.ch\/cms\/index.php?rest_route=\/wp\/v2\/posts"}],"about":[{"href":"https:\/\/www.kneippen4you.ch\/cms\/index.php?rest_route=\/wp\/v2\/types\/post"}],"author":[{"embeddable":true,"href":"https:\/\/www.kneippen4you.ch\/cms\/index.php?rest_route=\/wp\/v2\/users\/2"}],"replies":[{"embeddable":true,"href":"https:\/\/www.kneippen4you.ch\/cms\/index.php?rest_route=%2Fwp%2Fv2%2Fcomments&post=3954"}],"version-history":[{"count":1,"href":"https:\/\/www.kneippen4you.ch\/cms\/index.php?rest_route=\/wp\/v2\/posts\/3954\/revisions"}],"predecessor-version":[{"id":3956,"href":"https:\/\/www.kneippen4you.ch\/cms\/index.php?rest_route=\/wp\/v2\/posts\/3954\/revisions\/3956"}],"wp:featuredmedia":[{"embeddable":true,"href":"https:\/\/www.kneippen4you.ch\/cms\/index.php?rest_route=\/wp\/v2\/media\/3955"}],"wp:attachment":[{"href":"https:\/\/www.kneippen4you.ch\/cms\/index.php?rest_route=%2Fwp%2Fv2%2Fmedia&parent=3954"}],"wp:term":[{"taxonomy":"category","embeddable":true,"href":"https:\/\/www.kneippen4you.ch\/cms\/index.php?rest_route=%2Fwp%2Fv2%2Fcategories&post=3954"},{"taxonomy":"post_tag","embeddable":true,"href":"https:\/\/www.kneippen4you.ch\/cms\/index.php?rest_route=%2Fwp%2Fv2%2Ftags&post=3954"}],"curies":[{"name":"wp","href":"https:\/\/api.w.org\/{rel}","templated":true}]}}