{"id":4146,"date":"2022-01-08T17:45:55","date_gmt":"2022-01-08T17:45:55","guid":{"rendered":"https:\/\/www.kneippen4you.ch\/cms\/?p=4146"},"modified":"2022-02-15T18:01:05","modified_gmt":"2022-02-15T18:01:05","slug":"januar-loch","status":"publish","type":"post","link":"https:\/\/www.kneippen4you.ch\/cms\/?p=4146","title":{"rendered":"Januar Loch"},"content":{"rendered":"<p>Vielfach spricht man vom Januar Loch, finanziell gemeint, weil wir im Dezember zu viel Geld f\u00fcr Geschenke ausgaben. Ich hoffe sehr, dass f\u00fcr Sie dies kein psychisches Loch bedeutet. Obwohl der Januar schon meist noch tr\u00fcb, kalt und dunkel wirkt. Ich pers\u00f6nlich nutze diese Zeit um Musse zu tun. Mir zu \u00fcberlegen was ich dieses Jahr machen will. Will ich was ver\u00e4ndern, verbessern, bin ich zufrieden wie es ist? Im Januar scheint mir doch alles noch etwas langsam in die G\u00e4nge zu kommen und so verbringe ich diese Zeit f\u00fcr Basteln, N\u00e4hen, oder in einem guten Buch zu lesen &#8211; mir einfach Zeit f\u00fcr mich zu nehmen. Vielleicht ist der Januar ein guter Monat um sich selbst zu reflektieren. Achtsam mit sich selbst zu sein, sich selbst zu erkennen, sich zu fragen: werde ich bestimmt? oder bestimme ich wirklich mein Leben? sich zu fragen: was ist f\u00fcr mich wichtig im Leben? Was brauche ich? etc. Dieses originelle Gebet m\u00f6chte ich mit Ihnen nun teilen:<\/p>\n<p>&#8222;Gib mir die Gelassenheit, Dinge hinzunehmen, die ich nicht \u00e4ndern kann. Gib mir den Mut, Dinge zu \u00e4ndern, die ich \u00e4ndern kann. Gib mir die Weisheit, das eine vom andern zu unterscheiden.&#8220;<\/p>\n<p>Ich w\u00fcnsche Ihnen wohlgef\u00e4lliges Tun im kommenden Jahr, entdecken Sie ihr Potential und versuchen Sie Ihre W\u00fcnsche umzusetzen. Von Herzen viel Erfolg dazu!<\/p>\n","protected":false},"excerpt":{"rendered":"<p>Vielfach spricht man vom Januar Loch, finanziell gemeint, weil wir im Dezember zu viel Geld f\u00fcr Geschenke ausgaben. Ich hoffe sehr, dass f\u00fcr Sie dies kein psychisches Loch bedeutet. Obwohl der Januar schon meist noch tr\u00fcb, kalt und dunkel wirkt. Ich pers\u00f6nlich nutze diese Zeit um Musse zu tun. Mir zu \u00fcberlegen was ich dieses [&hellip;]<\/p>\n","protected":false},"author":2,"featured_media":4150,"comment_status":"open","ping_status":"open","sticky":false,"template":"","format":"standard","meta":{"_et_pb_use_builder":"","_et_pb_old_content":"","_et_gb_content_width":""},"categories":[62],"tags":[],"_links":{"self":[{"href":"https:\/\/www.kneippen4you.ch\/cms\/index.php?rest_route=\/wp\/v2\/posts\/4146"}],"collection":[{"href":"https:\/\/www.kneippen4you.ch\/cms\/index.php?rest_route=\/wp\/v2\/posts"}],"about":[{"href":"https:\/\/www.kneippen4you.ch\/cms\/index.php?rest_route=\/wp\/v2\/types\/post"}],"author":[{"embeddable":true,"href":"https:\/\/www.kneippen4you.ch\/cms\/index.php?rest_route=\/wp\/v2\/users\/2"}],"replies":[{"embeddable":true,"href":"https:\/\/www.kneippen4you.ch\/cms\/index.php?rest_route=%2Fwp%2Fv2%2Fcomments&post=4146"}],"version-history":[{"count":4,"href":"https:\/\/www.kneippen4you.ch\/cms\/index.php?rest_route=\/wp\/v2\/posts\/4146\/revisions"}],"predecessor-version":[{"id":4151,"href":"https:\/\/www.kneippen4you.ch\/cms\/index.php?rest_route=\/wp\/v2\/posts\/4146\/revisions\/4151"}],"wp:featuredmedia":[{"embeddable":true,"href":"https:\/\/www.kneippen4you.ch\/cms\/index.php?rest_route=\/wp\/v2\/media\/4150"}],"wp:attachment":[{"href":"https:\/\/www.kneippen4you.ch\/cms\/index.php?rest_route=%2Fwp%2Fv2%2Fmedia&parent=4146"}],"wp:term":[{"taxonomy":"category","embeddable":true,"href":"https:\/\/www.kneippen4you.ch\/cms\/index.php?rest_route=%2Fwp%2Fv2%2Fcategories&post=4146"},{"taxonomy":"post_tag","embeddable":true,"href":"https:\/\/www.kneippen4you.ch\/cms\/index.php?rest_route=%2Fwp%2Fv2%2Ftags&post=4146"}],"curies":[{"name":"wp","href":"https:\/\/api.w.org\/{rel}","templated":true}]}}